{"id":18402,"date":"2024-04-18T13:55:59","date_gmt":"2024-04-18T09:55:59","guid":{"rendered":"https:\/\/mauritiusassembly.govmu.org\/mauritiusassembly\/?p=18402"},"modified":"2024-04-22T13:38:11","modified_gmt":"2024-04-22T09:38:11","slug":"15eme-conference-des-presidents-dassemblees-et-de-sections-de-la-region-afrique-de-lassemblee-parlementaire-de-la-francophonie-apf","status":"publish","type":"post","link":"https:\/\/mauritiusassembly.govmu.org\/mauritiusassembly\/index.php\/15eme-conference-des-presidents-dassemblees-et-de-sections-de-la-region-afrique-de-lassemblee-parlementaire-de-la-francophonie-apf\/","title":{"rendered":"15\u00e8me Conf\u00e9rence des Pr\u00e9sidents d\u2019Assembl\u00e9es et de Sections de la R\u00e9gion Afrique de l\u2019Assembl\u00e9e Parlementaire de la Francophonie (APF)"},"content":{"rendered":"\t\t<div data-elementor-type=\"wp-post\" data-elementor-id=\"18402\" class=\"elementor elementor-18402\" data-elementor-post-type=\"post\">\n\t\t\t\t\t\t\t\t\t<section data-particle_enable=\"false\" data-particle-mobile-disabled=\"false\" class=\"elementor-section elementor-top-section elementor-element elementor-element-6b9bde5f elementor-section-full_width elementor-section-stretched elementor-section-height-default elementor-section-height-default\" data-id=\"6b9bde5f\" data-element_type=\"section\" data-settings=\"{&quot;stretch_section&quot;:&quot;section-stretched&quot;,&quot;background_background&quot;:&quot;classic&quot;}\">\n\t\t\t\t\t\t\t<div class=\"elementor-background-overlay\"><\/div>\n\t\t\t\t\t\t\t<div class=\"elementor-container elementor-column-gap-no\">\n\t\t\t\t\t<div class=\"elementor-column elementor-col-100 elementor-top-column elementor-element elementor-element-5aa84ed\" data-id=\"5aa84ed\" data-element_type=\"column\">\n\t\t\t<div class=\"elementor-widget-wrap elementor-element-populated\">\n\t\t\t\t\t\t\t\t<div class=\"elementor-element elementor-element-3fd6ba71 elementor--h-position-center elementor--v-position-middle elementor-widget elementor-widget-slides\" data-id=\"3fd6ba71\" data-element_type=\"widget\" data-settings=\"{&quot;navigation&quot;:&quot;none&quot;,&quot;autoplay_speed&quot;:7000,&quot;autoplay&quot;:&quot;yes&quot;,&quot;infinite&quot;:&quot;yes&quot;,&quot;transition&quot;:&quot;slide&quot;,&quot;transition_speed&quot;:500}\" data-widget_type=\"slides.default\">\n\t\t\t\t<div class=\"elementor-widget-container\">\n\t\t\t\t\t<div class=\"elementor-swiper\">\n\t\t\t<div class=\"elementor-slides-wrapper elementor-main-swiper swiper-container\" dir=\"ltr\" data-animation=\"\">\n\t\t\t\t<div class=\"swiper-wrapper elementor-slides\">\n\t\t\t\t\t\t\t\t\t\t<div class=\"elementor-repeater-item-4969a55 swiper-slide\"><div class=\"swiper-slide-bg elementor-ken-burns elementor-ken-burns--out\" role=\"img\"><\/div><div class=\"elementor-background-overlay\"><\/div><div class=\"swiper-slide-inner\" ><div class=\"swiper-slide-contents\"><div class=\"elementor-slide-heading\">15\u00e8me Conf\u00e9rence des Pr\u00e9sidents d\u2019Assembl\u00e9es et de Sections de la R\u00e9gion Afrique de l\u2019Assembl\u00e9e Parlementaire de la Francophonie (APF)<\/div><\/div><\/div><\/div>\t\t\t\t<\/div>\n\t\t\t\t\t\t\t<\/div>\n\t\t<\/div>\n\t\t\t\t<\/div>\n\t\t\t\t<\/div>\n\t\t\t\t\t<\/div>\n\t\t<\/div>\n\t\t\t\t\t\t\t<\/div>\n\t\t<\/section>\n\t\t\t\t<section data-particle_enable=\"false\" data-particle-mobile-disabled=\"false\" class=\"elementor-section elementor-top-section elementor-element elementor-element-0d7a506 elementor-section-boxed elementor-section-height-default elementor-section-height-default\" data-id=\"0d7a506\" data-element_type=\"section\">\n\t\t\t\t\t\t<div class=\"elementor-container elementor-column-gap-default\">\n\t\t\t\t\t<div class=\"elementor-column elementor-col-100 elementor-top-column elementor-element elementor-element-5f5ed42\" data-id=\"5f5ed42\" data-element_type=\"column\">\n\t\t\t<div class=\"elementor-widget-wrap elementor-element-populated\">\n\t\t\t\t\t\t\t\t<div class=\"elementor-element elementor-element-04eaa1e elementor-widget elementor-widget-spacer\" data-id=\"04eaa1e\" data-element_type=\"widget\" data-widget_type=\"spacer.default\">\n\t\t\t\t<div class=\"elementor-widget-container\">\n\t\t\t\t\t<div class=\"elementor-spacer\">\n\t\t\t<div class=\"elementor-spacer-inner\"><\/div>\n\t\t<\/div>\n\t\t\t\t<\/div>\n\t\t\t\t<\/div>\n\t\t\t\t\t<\/div>\n\t\t<\/div>\n\t\t\t\t\t\t\t<\/div>\n\t\t<\/section>\n\t\t\t\t<section data-particle_enable=\"false\" data-particle-mobile-disabled=\"false\" class=\"elementor-section elementor-top-section elementor-element elementor-element-932f4d0 elementor-section-boxed elementor-section-height-default elementor-section-height-default\" data-id=\"932f4d0\" data-element_type=\"section\">\n\t\t\t\t\t\t<div class=\"elementor-container elementor-column-gap-default\">\n\t\t\t\t\t\t\t\t<\/div>\n\t\t<\/section>\n\t\t\t\t<section data-particle_enable=\"false\" data-particle-mobile-disabled=\"false\" class=\"elementor-section elementor-top-section elementor-element elementor-element-35519a8 elementor-section-boxed elementor-section-height-default elementor-section-height-default\" data-id=\"35519a8\" data-element_type=\"section\">\n\t\t\t\t\t\t<div class=\"elementor-container elementor-column-gap-default\">\n\t\t\t\t\t\t\t\t<\/div>\n\t\t<\/section>\n\t\t\t\t<section data-particle_enable=\"false\" data-particle-mobile-disabled=\"false\" class=\"elementor-section elementor-top-section elementor-element elementor-element-c2f6780 elementor-section-boxed elementor-section-height-default elementor-section-height-default\" data-id=\"c2f6780\" data-element_type=\"section\">\n\t\t\t\t\t\t<div class=\"elementor-container elementor-column-gap-default\">\n\t\t\t\t\t\t\t\t<\/div>\n\t\t<\/section>\n\t\t\t\t<section data-particle_enable=\"false\" data-particle-mobile-disabled=\"false\" class=\"elementor-section elementor-top-section elementor-element elementor-element-74c737b elementor-section-boxed elementor-section-height-default elementor-section-height-default\" data-id=\"74c737b\" data-element_type=\"section\">\n\t\t\t\t\t\t<div class=\"elementor-container elementor-column-gap-default\">\n\t\t\t\t\t<div class=\"elementor-column elementor-col-100 elementor-top-column elementor-element elementor-element-eff00ce\" data-id=\"eff00ce\" data-element_type=\"column\">\n\t\t\t<div class=\"elementor-widget-wrap elementor-element-populated\">\n\t\t\t\t\t\t\t\t<div class=\"elementor-element elementor-element-b2992c5 elementor-align-left elementor-icon-list--layout-traditional elementor-list-item-link-full_width elementor-widget elementor-widget-icon-list\" data-id=\"b2992c5\" data-element_type=\"widget\" data-widget_type=\"icon-list.default\">\n\t\t\t\t<div class=\"elementor-widget-container\">\n\t\t\t\t\t<ul class=\"elementor-icon-list-items\">\n\t\t\t\t\t\t\t<li class=\"elementor-icon-list-item\">\n\t\t\t\t\t\t\t\t\t\t\t<a href=\"https:\/\/mauritiusassembly.govmu.org\/mauritiusassembly\/wp-content\/uploads\/2024\/04\/15eme-Conference-des-Presidents-dAssemblees-et-de-Sections-de-la-Region-Afrique-de-lAssemblee-Parlementaire-de-la-Francophonie-APF.pdf\" target=\"_blank\">\n\n\t\t\t\t\t\t\t\t\t\t\t\t<span class=\"elementor-icon-list-icon\">\n\t\t\t\t\t\t\t<i aria-hidden=\"true\" class=\"fas fa-file-pdf\"><\/i>\t\t\t\t\t\t<\/span>\n\t\t\t\t\t\t\t\t\t\t<span class=\"elementor-icon-list-text\">Allocution d\u2019ouverture - 15\u00e8me Conf\u00e9rence des Pr\u00e9sidents d\u2019Assembl\u00e9es et de Sections de la R\u00e9gion Afrique de l\u2019Assembl\u00e9e Parlementaire de la Francophonie (APF)<\/span>\n\t\t\t\t\t\t\t\t\t\t\t<\/a>\n\t\t\t\t\t\t\t\t\t<\/li>\n\t\t\t\t\t\t<\/ul>\n\t\t\t\t<\/div>\n\t\t\t\t<\/div>\n\t\t\t\t<div class=\"elementor-element elementor-element-91fdb94 elementor-widget elementor-widget-spacer\" data-id=\"91fdb94\" data-element_type=\"widget\" data-widget_type=\"spacer.default\">\n\t\t\t\t<div class=\"elementor-widget-container\">\n\t\t\t\t\t<div class=\"elementor-spacer\">\n\t\t\t<div class=\"elementor-spacer-inner\"><\/div>\n\t\t<\/div>\n\t\t\t\t<\/div>\n\t\t\t\t<\/div>\n\t\t\t\t<div class=\"elementor-element elementor-element-140a185 elementor-widget elementor-widget-heading\" data-id=\"140a185\" data-element_type=\"widget\" data-widget_type=\"heading.default\">\n\t\t\t\t<div class=\"elementor-widget-container\">\n\t\t\t<h2 class=\"elementor-heading-title elementor-size-default\">18 April 2024<\/h2>\t\t<\/div>\n\t\t\t\t<\/div>\n\t\t\t\t<div class=\"elementor-element elementor-element-20d17bb elementor-widget elementor-widget-gallery\" data-id=\"20d17bb\" data-element_type=\"widget\" data-settings=\"{&quot;gallery_layout&quot;:&quot;justified&quot;,&quot;ideal_row_height&quot;:{&quot;unit&quot;:&quot;px&quot;,&quot;size&quot;:180,&quot;sizes&quot;:[]},&quot;gap&quot;:{&quot;unit&quot;:&quot;px&quot;,&quot;size&quot;:7,&quot;sizes&quot;:[]},&quot;lazyload&quot;:&quot;yes&quot;,&quot;ideal_row_height_tablet&quot;:{&quot;unit&quot;:&quot;px&quot;,&quot;size&quot;:150,&quot;sizes&quot;:[]},&quot;ideal_row_height_mobile&quot;:{&quot;unit&quot;:&quot;px&quot;,&quot;size&quot;:150,&quot;sizes&quot;:[]},&quot;gap_tablet&quot;:{&quot;unit&quot;:&quot;px&quot;,&quot;size&quot;:10,&quot;sizes&quot;:[]},&quot;gap_mobile&quot;:{&quot;unit&quot;:&quot;px&quot;,&quot;size&quot;:10,&quot;sizes&quot;:[]},&quot;link_to&quot;:&quot;file&quot;,&quot;content_hover_animation&quot;:&quot;fade-in&quot;}\" data-widget_type=\"gallery.default\">\n\t\t\t\t<div class=\"elementor-widget-container\">\n\t\t\t\t\t<div class=\"elementor-gallery__container\">\n\t\t\t\t\t\t\t<a class=\"e-gallery-item elementor-gallery-item elementor-animated-content\" href=\"https:\/\/mauritiusassembly.govmu.org\/mauritiusassembly\/wp-content\/uploads\/2024\/04\/2.jpeg\" data-elementor-open-lightbox=\"yes\" data-elementor-lightbox-slideshow=\"20d17bb\" data-elementor-lightbox-title=\"APF18042024_1\" data-e-action-hash=\"#elementor-action%3Aaction%3Dlightbox%26settings%3DeyJpZCI6MTgzOTksInVybCI6Imh0dHBzOlwvXC9tYXVyaXRpdXNhc3NlbWJseS5nb3ZtdS5vcmdcL21hdXJpdGl1c2Fzc2VtYmx5XC93cC1jb250ZW50XC91cGxvYWRzXC8yMDI0XC8wNFwvMi5qcGVnIiwic2xpZGVzaG93IjoiMjBkMTdiYiJ9\">\n\t\t\t\t\t<div class=\"e-gallery-image elementor-gallery-item__image\" data-thumbnail=\"https:\/\/mauritiusassembly.govmu.org\/mauritiusassembly\/wp-content\/uploads\/2024\/04\/2-1024x681.jpeg\" data-width=\"1024\" data-height=\"681\" aria-label=\"\" role=\"img\" ><\/div>\n\t\t\t\t\t\t\t\t\t\t\t\t\t\t<\/a>\n\t\t\t\t\t\t\t<a class=\"e-gallery-item elementor-gallery-item elementor-animated-content\" href=\"https:\/\/mauritiusassembly.govmu.org\/mauritiusassembly\/wp-content\/uploads\/2024\/04\/8.jpeg\" data-elementor-open-lightbox=\"yes\" data-elementor-lightbox-slideshow=\"20d17bb\" data-elementor-lightbox-title=\"APF18042024_2\" data-e-action-hash=\"#elementor-action%3Aaction%3Dlightbox%26settings%3DeyJpZCI6MTg0NDYsInVybCI6Imh0dHBzOlwvXC9tYXVyaXRpdXNhc3NlbWJseS5nb3ZtdS5vcmdcL21hdXJpdGl1c2Fzc2VtYmx5XC93cC1jb250ZW50XC91cGxvYWRzXC8yMDI0XC8wNFwvOC5qcGVnIiwic2xpZGVzaG93IjoiMjBkMTdiYiJ9\">\n\t\t\t\t\t<div class=\"e-gallery-image elementor-gallery-item__image\" data-thumbnail=\"https:\/\/mauritiusassembly.govmu.org\/mauritiusassembly\/wp-content\/uploads\/2024\/04\/8-1024x681.jpeg\" data-width=\"1024\" data-height=\"681\" aria-label=\"\" role=\"img\" ><\/div>\n\t\t\t\t\t\t\t\t\t\t\t\t\t\t<\/a>\n\t\t\t\t\t\t\t<a class=\"e-gallery-item elementor-gallery-item elementor-animated-content\" href=\"https:\/\/mauritiusassembly.govmu.org\/mauritiusassembly\/wp-content\/uploads\/2024\/04\/6.jpeg\" data-elementor-open-lightbox=\"yes\" data-elementor-lightbox-slideshow=\"20d17bb\" data-elementor-lightbox-title=\"APF18042024_3\" data-e-action-hash=\"#elementor-action%3Aaction%3Dlightbox%26settings%3DeyJpZCI6MTg0NDUsInVybCI6Imh0dHBzOlwvXC9tYXVyaXRpdXNhc3NlbWJseS5nb3ZtdS5vcmdcL21hdXJpdGl1c2Fzc2VtYmx5XC93cC1jb250ZW50XC91cGxvYWRzXC8yMDI0XC8wNFwvNi5qcGVnIiwic2xpZGVzaG93IjoiMjBkMTdiYiJ9\">\n\t\t\t\t\t<div class=\"e-gallery-image elementor-gallery-item__image\" data-thumbnail=\"https:\/\/mauritiusassembly.govmu.org\/mauritiusassembly\/wp-content\/uploads\/2024\/04\/6-1024x681.jpeg\" data-width=\"1024\" data-height=\"681\" aria-label=\"\" role=\"img\" ><\/div>\n\t\t\t\t\t\t\t\t\t\t\t\t\t\t<\/a>\n\t\t\t\t\t\t\t<a class=\"e-gallery-item elementor-gallery-item elementor-animated-content\" href=\"https:\/\/mauritiusassembly.govmu.org\/mauritiusassembly\/wp-content\/uploads\/2024\/04\/24.jpeg\" data-elementor-open-lightbox=\"yes\" data-elementor-lightbox-slideshow=\"20d17bb\" data-elementor-lightbox-title=\"APF18042024_4\" data-e-action-hash=\"#elementor-action%3Aaction%3Dlightbox%26settings%3DeyJpZCI6MTgzOTgsInVybCI6Imh0dHBzOlwvXC9tYXVyaXRpdXNhc3NlbWJseS5nb3ZtdS5vcmdcL21hdXJpdGl1c2Fzc2VtYmx5XC93cC1jb250ZW50XC91cGxvYWRzXC8yMDI0XC8wNFwvMjQuanBlZyIsInNsaWRlc2hvdyI6IjIwZDE3YmIifQ%3D%3D\">\n\t\t\t\t\t<div class=\"e-gallery-image elementor-gallery-item__image\" data-thumbnail=\"https:\/\/mauritiusassembly.govmu.org\/mauritiusassembly\/wp-content\/uploads\/2024\/04\/24-1024x681.jpeg\" data-width=\"1024\" data-height=\"681\" aria-label=\"\" role=\"img\" ><\/div>\n\t\t\t\t\t\t\t\t\t\t\t\t\t\t<\/a>\n\t\t\t\t\t\t\t<a class=\"e-gallery-item elementor-gallery-item elementor-animated-content\" href=\"https:\/\/mauritiusassembly.govmu.org\/mauritiusassembly\/wp-content\/uploads\/2024\/04\/23.jpeg\" data-elementor-open-lightbox=\"yes\" data-elementor-lightbox-slideshow=\"20d17bb\" data-elementor-lightbox-title=\"APF18042024_5\" data-e-action-hash=\"#elementor-action%3Aaction%3Dlightbox%26settings%3DeyJpZCI6MTg0MDAsInVybCI6Imh0dHBzOlwvXC9tYXVyaXRpdXNhc3NlbWJseS5nb3ZtdS5vcmdcL21hdXJpdGl1c2Fzc2VtYmx5XC93cC1jb250ZW50XC91cGxvYWRzXC8yMDI0XC8wNFwvMjMuanBlZyIsInNsaWRlc2hvdyI6IjIwZDE3YmIifQ%3D%3D\">\n\t\t\t\t\t<div class=\"e-gallery-image elementor-gallery-item__image\" data-thumbnail=\"https:\/\/mauritiusassembly.govmu.org\/mauritiusassembly\/wp-content\/uploads\/2024\/04\/23-1024x681.jpeg\" data-width=\"1024\" data-height=\"681\" aria-label=\"\" role=\"img\" ><\/div>\n\t\t\t\t\t\t\t\t\t\t\t\t\t\t<\/a>\n\t\t\t\t\t\t\t<a class=\"e-gallery-item elementor-gallery-item elementor-animated-content\" href=\"https:\/\/mauritiusassembly.govmu.org\/mauritiusassembly\/wp-content\/uploads\/2024\/04\/19.jpeg\" data-elementor-open-lightbox=\"yes\" data-elementor-lightbox-slideshow=\"20d17bb\" data-elementor-lightbox-title=\"APF18042024_6\" data-e-action-hash=\"#elementor-action%3Aaction%3Dlightbox%26settings%3DeyJpZCI6MTg0NDAsInVybCI6Imh0dHBzOlwvXC9tYXVyaXRpdXNhc3NlbWJseS5nb3ZtdS5vcmdcL21hdXJpdGl1c2Fzc2VtYmx5XC93cC1jb250ZW50XC91cGxvYWRzXC8yMDI0XC8wNFwvMTkuanBlZyIsInNsaWRlc2hvdyI6IjIwZDE3YmIifQ%3D%3D\">\n\t\t\t\t\t<div class=\"e-gallery-image elementor-gallery-item__image\" data-thumbnail=\"https:\/\/mauritiusassembly.govmu.org\/mauritiusassembly\/wp-content\/uploads\/2024\/04\/19-1024x681.jpeg\" data-width=\"1024\" data-height=\"681\" aria-label=\"\" role=\"img\" ><\/div>\n\t\t\t\t\t\t\t\t\t\t\t\t\t\t<\/a>\n\t\t\t\t\t\t\t<a class=\"e-gallery-item elementor-gallery-item elementor-animated-content\" href=\"https:\/\/mauritiusassembly.govmu.org\/mauritiusassembly\/wp-content\/uploads\/2024\/04\/17.jpeg\" data-elementor-open-lightbox=\"yes\" data-elementor-lightbox-slideshow=\"20d17bb\" data-elementor-lightbox-title=\"APF18042024_7\" data-e-action-hash=\"#elementor-action%3Aaction%3Dlightbox%26settings%3DeyJpZCI6MTgzOTYsInVybCI6Imh0dHBzOlwvXC9tYXVyaXRpdXNhc3NlbWJseS5nb3ZtdS5vcmdcL21hdXJpdGl1c2Fzc2VtYmx5XC93cC1jb250ZW50XC91cGxvYWRzXC8yMDI0XC8wNFwvMTcuanBlZyIsInNsaWRlc2hvdyI6IjIwZDE3YmIifQ%3D%3D\">\n\t\t\t\t\t<div class=\"e-gallery-image elementor-gallery-item__image\" data-thumbnail=\"https:\/\/mauritiusassembly.govmu.org\/mauritiusassembly\/wp-content\/uploads\/2024\/04\/17-1024x681.jpeg\" data-width=\"1024\" data-height=\"681\" aria-label=\"\" role=\"img\" ><\/div>\n\t\t\t\t\t\t\t\t\t\t\t\t\t\t<\/a>\n\t\t\t\t\t\t\t<a class=\"e-gallery-item elementor-gallery-item elementor-animated-content\" href=\"https:\/\/mauritiusassembly.govmu.org\/mauritiusassembly\/wp-content\/uploads\/2024\/04\/4.jpeg\" data-elementor-open-lightbox=\"yes\" data-elementor-lightbox-slideshow=\"20d17bb\" data-elementor-lightbox-title=\"APF18042024_8\" data-e-action-hash=\"#elementor-action%3Aaction%3Dlightbox%26settings%3DeyJpZCI6MTgzOTUsInVybCI6Imh0dHBzOlwvXC9tYXVyaXRpdXNhc3NlbWJseS5nb3ZtdS5vcmdcL21hdXJpdGl1c2Fzc2VtYmx5XC93cC1jb250ZW50XC91cGxvYWRzXC8yMDI0XC8wNFwvNC5qcGVnIiwic2xpZGVzaG93IjoiMjBkMTdiYiJ9\">\n\t\t\t\t\t<div class=\"e-gallery-image elementor-gallery-item__image\" data-thumbnail=\"https:\/\/mauritiusassembly.govmu.org\/mauritiusassembly\/wp-content\/uploads\/2024\/04\/4-1024x681.jpeg\" data-width=\"1024\" data-height=\"681\" aria-label=\"\" role=\"img\" ><\/div>\n\t\t\t\t\t\t\t\t\t\t\t\t\t\t<\/a>\n\t\t\t\t\t\t\t<a class=\"e-gallery-item elementor-gallery-item elementor-animated-content\" href=\"https:\/\/mauritiusassembly.govmu.org\/mauritiusassembly\/wp-content\/uploads\/2024\/04\/11.jpeg\" data-elementor-open-lightbox=\"yes\" data-elementor-lightbox-slideshow=\"20d17bb\" data-elementor-lightbox-title=\"APF18042024_9\" data-e-action-hash=\"#elementor-action%3Aaction%3Dlightbox%26settings%3DeyJpZCI6MTg0NDcsInVybCI6Imh0dHBzOlwvXC9tYXVyaXRpdXNhc3NlbWJseS5nb3ZtdS5vcmdcL21hdXJpdGl1c2Fzc2VtYmx5XC93cC1jb250ZW50XC91cGxvYWRzXC8yMDI0XC8wNFwvMTEuanBlZyIsInNsaWRlc2hvdyI6IjIwZDE3YmIifQ%3D%3D\">\n\t\t\t\t\t<div class=\"e-gallery-image elementor-gallery-item__image\" data-thumbnail=\"https:\/\/mauritiusassembly.govmu.org\/mauritiusassembly\/wp-content\/uploads\/2024\/04\/11-1024x681.jpeg\" data-width=\"1024\" data-height=\"681\" aria-label=\"\" role=\"img\" ><\/div>\n\t\t\t\t\t\t\t\t\t\t\t\t\t\t<\/a>\n\t\t\t\t\t\t\t<a class=\"e-gallery-item elementor-gallery-item elementor-animated-content\" href=\"https:\/\/mauritiusassembly.govmu.org\/mauritiusassembly\/wp-content\/uploads\/2024\/04\/18.jpeg\" data-elementor-open-lightbox=\"yes\" data-elementor-lightbox-slideshow=\"20d17bb\" data-elementor-lightbox-title=\"APF18042024_10\" data-e-action-hash=\"#elementor-action%3Aaction%3Dlightbox%26settings%3DeyJpZCI6MTg0MzksInVybCI6Imh0dHBzOlwvXC9tYXVyaXRpdXNhc3NlbWJseS5nb3ZtdS5vcmdcL21hdXJpdGl1c2Fzc2VtYmx5XC93cC1jb250ZW50XC91cGxvYWRzXC8yMDI0XC8wNFwvMTguanBlZyIsInNsaWRlc2hvdyI6IjIwZDE3YmIifQ%3D%3D\">\n\t\t\t\t\t<div class=\"e-gallery-image elementor-gallery-item__image\" data-thumbnail=\"https:\/\/mauritiusassembly.govmu.org\/mauritiusassembly\/wp-content\/uploads\/2024\/04\/18-1024x681.jpeg\" data-width=\"1024\" data-height=\"681\" aria-label=\"\" role=\"img\" ><\/div>\n\t\t\t\t\t\t\t\t\t\t\t\t\t\t<\/a>\n\t\t\t\t\t\t\t<a class=\"e-gallery-item elementor-gallery-item elementor-animated-content\" href=\"https:\/\/mauritiusassembly.govmu.org\/mauritiusassembly\/wp-content\/uploads\/2024\/04\/12.jpeg\" data-elementor-open-lightbox=\"yes\" data-elementor-lightbox-slideshow=\"20d17bb\" data-elementor-lightbox-title=\"APF18042024_11\" data-e-action-hash=\"#elementor-action%3Aaction%3Dlightbox%26settings%3DeyJpZCI6MTg0NDgsInVybCI6Imh0dHBzOlwvXC9tYXVyaXRpdXNhc3NlbWJseS5nb3ZtdS5vcmdcL21hdXJpdGl1c2Fzc2VtYmx5XC93cC1jb250ZW50XC91cGxvYWRzXC8yMDI0XC8wNFwvMTIuanBlZyIsInNsaWRlc2hvdyI6IjIwZDE3YmIifQ%3D%3D\">\n\t\t\t\t\t<div class=\"e-gallery-image elementor-gallery-item__image\" data-thumbnail=\"https:\/\/mauritiusassembly.govmu.org\/mauritiusassembly\/wp-content\/uploads\/2024\/04\/12-1024x681.jpeg\" data-width=\"1024\" data-height=\"681\" aria-label=\"\" role=\"img\" ><\/div>\n\t\t\t\t\t\t\t\t\t\t\t\t\t\t<\/a>\n\t\t\t\t\t\t\t<a class=\"e-gallery-item elementor-gallery-item elementor-animated-content\" href=\"https:\/\/mauritiusassembly.govmu.org\/mauritiusassembly\/wp-content\/uploads\/2024\/04\/21.jpeg\" data-elementor-open-lightbox=\"yes\" data-elementor-lightbox-slideshow=\"20d17bb\" data-elementor-lightbox-title=\"APF18042024_12\" data-e-action-hash=\"#elementor-action%3Aaction%3Dlightbox%26settings%3DeyJpZCI6MTg0NDIsInVybCI6Imh0dHBzOlwvXC9tYXVyaXRpdXNhc3NlbWJseS5nb3ZtdS5vcmdcL21hdXJpdGl1c2Fzc2VtYmx5XC93cC1jb250ZW50XC91cGxvYWRzXC8yMDI0XC8wNFwvMjEuanBlZyIsInNsaWRlc2hvdyI6IjIwZDE3YmIifQ%3D%3D\">\n\t\t\t\t\t<div class=\"e-gallery-image elementor-gallery-item__image\" data-thumbnail=\"https:\/\/mauritiusassembly.govmu.org\/mauritiusassembly\/wp-content\/uploads\/2024\/04\/21-1024x681.jpeg\" data-width=\"1024\" data-height=\"681\" aria-label=\"\" role=\"img\" ><\/div>\n\t\t\t\t\t\t\t\t\t\t\t\t\t\t<\/a>\n\t\t\t\t\t\t\t<a class=\"e-gallery-item elementor-gallery-item elementor-animated-content\" href=\"https:\/\/mauritiusassembly.govmu.org\/mauritiusassembly\/wp-content\/uploads\/2024\/04\/30.jpeg\" data-elementor-open-lightbox=\"yes\" data-elementor-lightbox-slideshow=\"20d17bb\" data-elementor-lightbox-title=\"APF18042024_13\" data-e-action-hash=\"#elementor-action%3Aaction%3Dlightbox%26settings%3DeyJpZCI6MTg0NDQsInVybCI6Imh0dHBzOlwvXC9tYXVyaXRpdXNhc3NlbWJseS5nb3ZtdS5vcmdcL21hdXJpdGl1c2Fzc2VtYmx5XC93cC1jb250ZW50XC91cGxvYWRzXC8yMDI0XC8wNFwvMzAuanBlZyIsInNsaWRlc2hvdyI6IjIwZDE3YmIifQ%3D%3D\">\n\t\t\t\t\t<div class=\"e-gallery-image elementor-gallery-item__image\" data-thumbnail=\"https:\/\/mauritiusassembly.govmu.org\/mauritiusassembly\/wp-content\/uploads\/2024\/04\/30-1024x681.jpeg\" data-width=\"1024\" data-height=\"681\" aria-label=\"\" role=\"img\" ><\/div>\n\t\t\t\t\t\t\t\t\t\t\t\t\t\t<\/a>\n\t\t\t\t\t\t\t<a class=\"e-gallery-item elementor-gallery-item elementor-animated-content\" href=\"https:\/\/mauritiusassembly.govmu.org\/mauritiusassembly\/wp-content\/uploads\/2024\/04\/22.jpeg\" data-elementor-open-lightbox=\"yes\" data-elementor-lightbox-slideshow=\"20d17bb\" data-elementor-lightbox-title=\"APF18042024_14\" data-e-action-hash=\"#elementor-action%3Aaction%3Dlightbox%26settings%3DeyJpZCI6MTgzOTcsInVybCI6Imh0dHBzOlwvXC9tYXVyaXRpdXNhc3NlbWJseS5nb3ZtdS5vcmdcL21hdXJpdGl1c2Fzc2VtYmx5XC93cC1jb250ZW50XC91cGxvYWRzXC8yMDI0XC8wNFwvMjIuanBlZyIsInNsaWRlc2hvdyI6IjIwZDE3YmIifQ%3D%3D\">\n\t\t\t\t\t<div class=\"e-gallery-image elementor-gallery-item__image\" data-thumbnail=\"https:\/\/mauritiusassembly.govmu.org\/mauritiusassembly\/wp-content\/uploads\/2024\/04\/22-1024x681.jpeg\" data-width=\"1024\" data-height=\"681\" aria-label=\"\" role=\"img\" ><\/div>\n\t\t\t\t\t\t\t\t\t\t\t\t\t\t<\/a>\n\t\t\t\t\t\t\t<a class=\"e-gallery-item elementor-gallery-item elementor-animated-content\" href=\"https:\/\/mauritiusassembly.govmu.org\/mauritiusassembly\/wp-content\/uploads\/2024\/04\/28.jpeg\" data-elementor-open-lightbox=\"yes\" data-elementor-lightbox-slideshow=\"20d17bb\" data-elementor-lightbox-title=\"APF18042024_15\" data-e-action-hash=\"#elementor-action%3Aaction%3Dlightbox%26settings%3DeyJpZCI6MTg0NDMsInVybCI6Imh0dHBzOlwvXC9tYXVyaXRpdXNhc3NlbWJseS5nb3ZtdS5vcmdcL21hdXJpdGl1c2Fzc2VtYmx5XC93cC1jb250ZW50XC91cGxvYWRzXC8yMDI0XC8wNFwvMjguanBlZyIsInNsaWRlc2hvdyI6IjIwZDE3YmIifQ%3D%3D\">\n\t\t\t\t\t<div class=\"e-gallery-image elementor-gallery-item__image\" data-thumbnail=\"https:\/\/mauritiusassembly.govmu.org\/mauritiusassembly\/wp-content\/uploads\/2024\/04\/28-1024x681.jpeg\" data-width=\"1024\" data-height=\"681\" aria-label=\"\" role=\"img\" ><\/div>\n\t\t\t\t\t\t\t\t\t\t\t\t\t\t<\/a>\n\t\t\t\t\t<\/div>\n\t\t\t<\/div>\n\t\t\t\t<\/div>\n\t\t\t\t<div class=\"elementor-element elementor-element-ccbdda6 elementor-widget elementor-widget-spacer\" data-id=\"ccbdda6\" data-element_type=\"widget\" data-widget_type=\"spacer.default\">\n\t\t\t\t<div class=\"elementor-widget-container\">\n\t\t\t\t\t<div class=\"elementor-spacer\">\n\t\t\t<div class=\"elementor-spacer-inner\"><\/div>\n\t\t<\/div>\n\t\t\t\t<\/div>\n\t\t\t\t<\/div>\n\t\t\t\t<div class=\"elementor-element elementor-element-aa9f3f7 elementor-widget elementor-widget-heading\" data-id=\"aa9f3f7\" data-element_type=\"widget\" data-widget_type=\"heading.default\">\n\t\t\t\t<div class=\"elementor-widget-container\">\n\t\t\t<h2 class=\"elementor-heading-title elementor-size-default\">19 April 2024<\/h2>\t\t<\/div>\n\t\t\t\t<\/div>\n\t\t\t\t<div class=\"elementor-element elementor-element-6d320cb elementor-widget elementor-widget-gallery\" data-id=\"6d320cb\" data-element_type=\"widget\" data-settings=\"{&quot;gallery_layout&quot;:&quot;justified&quot;,&quot;ideal_row_height&quot;:{&quot;unit&quot;:&quot;px&quot;,&quot;size&quot;:180,&quot;sizes&quot;:[]},&quot;gap&quot;:{&quot;unit&quot;:&quot;px&quot;,&quot;size&quot;:7,&quot;sizes&quot;:[]},&quot;lazyload&quot;:&quot;yes&quot;,&quot;ideal_row_height_tablet&quot;:{&quot;unit&quot;:&quot;px&quot;,&quot;size&quot;:150,&quot;sizes&quot;:[]},&quot;ideal_row_height_mobile&quot;:{&quot;unit&quot;:&quot;px&quot;,&quot;size&quot;:150,&quot;sizes&quot;:[]},&quot;gap_tablet&quot;:{&quot;unit&quot;:&quot;px&quot;,&quot;size&quot;:10,&quot;sizes&quot;:[]},&quot;gap_mobile&quot;:{&quot;unit&quot;:&quot;px&quot;,&quot;size&quot;:10,&quot;sizes&quot;:[]},&quot;link_to&quot;:&quot;file&quot;,&quot;content_hover_animation&quot;:&quot;fade-in&quot;}\" data-widget_type=\"gallery.default\">\n\t\t\t\t<div class=\"elementor-widget-container\">\n\t\t\t\t\t<div class=\"elementor-gallery__container\">\n\t\t\t\t\t\t\t<a class=\"e-gallery-item elementor-gallery-item elementor-animated-content\" href=\"https:\/\/mauritiusassembly.govmu.org\/mauritiusassembly\/wp-content\/uploads\/2024\/04\/HBG_6199.jpg\" data-elementor-open-lightbox=\"yes\" data-elementor-lightbox-slideshow=\"6d320cb\" data-elementor-lightbox-title=\"APF19042024_1\" data-e-action-hash=\"#elementor-action%3Aaction%3Dlightbox%26settings%3DeyJpZCI6MTg0MzQsInVybCI6Imh0dHBzOlwvXC9tYXVyaXRpdXNhc3NlbWJseS5nb3ZtdS5vcmdcL21hdXJpdGl1c2Fzc2VtYmx5XC93cC1jb250ZW50XC91cGxvYWRzXC8yMDI0XC8wNFwvSEJHXzYxOTkuanBnIiwic2xpZGVzaG93IjoiNmQzMjBjYiJ9\">\n\t\t\t\t\t<div class=\"e-gallery-image elementor-gallery-item__image\" data-thumbnail=\"https:\/\/mauritiusassembly.govmu.org\/mauritiusassembly\/wp-content\/uploads\/2024\/04\/HBG_6199.jpg\" data-width=\"1024\" data-height=\"681\" aria-label=\"\" role=\"img\" ><\/div>\n\t\t\t\t\t\t\t\t\t\t\t\t\t\t<\/a>\n\t\t\t\t\t\t\t<a class=\"e-gallery-item elementor-gallery-item elementor-animated-content\" href=\"https:\/\/mauritiusassembly.govmu.org\/mauritiusassembly\/wp-content\/uploads\/2024\/04\/HBG_6124.jpg\" data-elementor-open-lightbox=\"yes\" data-elementor-lightbox-slideshow=\"6d320cb\" data-elementor-lightbox-title=\"APF19042024_2\" data-e-action-hash=\"#elementor-action%3Aaction%3Dlightbox%26settings%3DeyJpZCI6MTg0MzYsInVybCI6Imh0dHBzOlwvXC9tYXVyaXRpdXNhc3NlbWJseS5nb3ZtdS5vcmdcL21hdXJpdGl1c2Fzc2VtYmx5XC93cC1jb250ZW50XC91cGxvYWRzXC8yMDI0XC8wNFwvSEJHXzYxMjQuanBnIiwic2xpZGVzaG93IjoiNmQzMjBjYiJ9\">\n\t\t\t\t\t<div class=\"e-gallery-image elementor-gallery-item__image\" data-thumbnail=\"https:\/\/mauritiusassembly.govmu.org\/mauritiusassembly\/wp-content\/uploads\/2024\/04\/HBG_6124.jpg\" data-width=\"1024\" data-height=\"681\" aria-label=\"\" role=\"img\" ><\/div>\n\t\t\t\t\t\t\t\t\t\t\t\t\t\t<\/a>\n\t\t\t\t\t\t\t<a class=\"e-gallery-item elementor-gallery-item elementor-animated-content\" href=\"https:\/\/mauritiusassembly.govmu.org\/mauritiusassembly\/wp-content\/uploads\/2024\/04\/HBG_6158.jpg\" data-elementor-open-lightbox=\"yes\" data-elementor-lightbox-slideshow=\"6d320cb\" data-elementor-lightbox-title=\"APF19042024_3\" data-e-action-hash=\"#elementor-action%3Aaction%3Dlightbox%26settings%3DeyJpZCI6MTg0MzcsInVybCI6Imh0dHBzOlwvXC9tYXVyaXRpdXNhc3NlbWJseS5nb3ZtdS5vcmdcL21hdXJpdGl1c2Fzc2VtYmx5XC93cC1jb250ZW50XC91cGxvYWRzXC8yMDI0XC8wNFwvSEJHXzYxNTguanBnIiwic2xpZGVzaG93IjoiNmQzMjBjYiJ9\">\n\t\t\t\t\t<div class=\"e-gallery-image elementor-gallery-item__image\" data-thumbnail=\"https:\/\/mauritiusassembly.govmu.org\/mauritiusassembly\/wp-content\/uploads\/2024\/04\/HBG_6158.jpg\" data-width=\"1024\" data-height=\"681\" aria-label=\"\" role=\"img\" ><\/div>\n\t\t\t\t\t\t\t\t\t\t\t\t\t\t<\/a>\n\t\t\t\t\t\t\t<a class=\"e-gallery-item elementor-gallery-item elementor-animated-content\" href=\"https:\/\/mauritiusassembly.govmu.org\/mauritiusassembly\/wp-content\/uploads\/2024\/04\/HBG_6192.jpg\" data-elementor-open-lightbox=\"yes\" data-elementor-lightbox-slideshow=\"6d320cb\" data-elementor-lightbox-title=\"APF19042024_4\" data-e-action-hash=\"#elementor-action%3Aaction%3Dlightbox%26settings%3DeyJpZCI6MTg0MzgsInVybCI6Imh0dHBzOlwvXC9tYXVyaXRpdXNhc3NlbWJseS5nb3ZtdS5vcmdcL21hdXJpdGl1c2Fzc2VtYmx5XC93cC1jb250ZW50XC91cGxvYWRzXC8yMDI0XC8wNFwvSEJHXzYxOTIuanBnIiwic2xpZGVzaG93IjoiNmQzMjBjYiJ9\">\n\t\t\t\t\t<div class=\"e-gallery-image elementor-gallery-item__image\" data-thumbnail=\"https:\/\/mauritiusassembly.govmu.org\/mauritiusassembly\/wp-content\/uploads\/2024\/04\/HBG_6192.jpg\" data-width=\"1024\" data-height=\"681\" aria-label=\"\" role=\"img\" ><\/div>\n\t\t\t\t\t\t\t\t\t\t\t\t\t\t<\/a>\n\t\t\t\t\t\t\t<a class=\"e-gallery-item elementor-gallery-item elementor-animated-content\" href=\"https:\/\/mauritiusassembly.govmu.org\/mauritiusassembly\/wp-content\/uploads\/2024\/04\/HBG_6218.jpg\" data-elementor-open-lightbox=\"yes\" data-elementor-lightbox-slideshow=\"6d320cb\" data-elementor-lightbox-title=\"APF19042024_5\" data-e-action-hash=\"#elementor-action%3Aaction%3Dlightbox%26settings%3DeyJpZCI6MTg0MzUsInVybCI6Imh0dHBzOlwvXC9tYXVyaXRpdXNhc3NlbWJseS5nb3ZtdS5vcmdcL21hdXJpdGl1c2Fzc2VtYmx5XC93cC1jb250ZW50XC91cGxvYWRzXC8yMDI0XC8wNFwvSEJHXzYyMTguanBnIiwic2xpZGVzaG93IjoiNmQzMjBjYiJ9\">\n\t\t\t\t\t<div class=\"e-gallery-image elementor-gallery-item__image\" data-thumbnail=\"https:\/\/mauritiusassembly.govmu.org\/mauritiusassembly\/wp-content\/uploads\/2024\/04\/HBG_6218.jpg\" data-width=\"1024\" data-height=\"681\" aria-label=\"\" role=\"img\" ><\/div>\n\t\t\t\t\t\t\t\t\t\t\t\t\t\t<\/a>\n\t\t\t\t\t<\/div>\n\t\t\t<\/div>\n\t\t\t\t<\/div>\n\t\t\t\t\t<\/div>\n\t\t<\/div>\n\t\t\t\t\t\t\t<\/div>\n\t\t<\/section>\n\t\t\t\t\t\t\t<\/div>\n\t\t","protected":false},"excerpt":{"rendered":"<p>15\u00e8me Conf\u00e9rence des Pr\u00e9sidents d\u2019Assembl\u00e9es et de Sections de la R\u00e9gion Afrique de l\u2019Assembl\u00e9e Parlementaire de la Francophonie (APF) Allocution d\u2019ouverture &#8211; 15\u00e8me Conf\u00e9rence des Pr\u00e9sidents d\u2019Assembl\u00e9es et de Sections de la R\u00e9gion Afrique de l\u2019Assembl\u00e9e Parlementaire de la Francophonie (APF) 18 April 2024 19 April 2024<\/p>\n","protected":false},"author":4,"featured_media":18400,"comment_status":"closed","ping_status":"closed","sticky":false,"template":"elementor_header_footer","format":"standard","meta":{"_acf_changed":false,"site-sidebar-layout":"default","site-content-layout":"default","ast-global-header-display":"","ast-main-header-display":"","ast-hfb-above-header-display":"","ast-hfb-below-header-display":"","ast-hfb-mobile-header-display":"","site-post-title":"","ast-breadcrumbs-content":"","ast-featured-img":"","footer-sml-layout":"","theme-transparent-header-meta":"","adv-header-id-meta":"","stick-header-meta":"","header-above-stick-meta":"","header-main-stick-meta":"","header-below-stick-meta":"","footnotes":""},"categories":[398,193],"tags":[],"class_list":["post-18402","post","type-post","status-publish","format-standard","has-post-thumbnail","hentry","category-2024-conference-speech","category-conference-speech"],"acf":[],"yoast_head":"<!-- This site is optimized with the Yoast SEO plugin v26.8 - https:\/\/yoast.com\/product\/yoast-seo-wordpress\/ -->\r\n<title>15\u00e8me Conf\u00e9rence des Pr\u00e9sidents d\u2019Assembl\u00e9es et de Sections de la R\u00e9gion Afrique de l\u2019Assembl\u00e9e Parlementaire de la Francophonie (APF) - Mauritius National Assembly<\/title>\r\n<meta name=\"robots\" content=\"index, follow, max-snippet:-1, max-image-preview:large, max-video-preview:-1\" \/>\r\n<link rel=\"canonical\" href=\"https:\/\/mauritiusassembly.govmu.org\/mauritiusassembly\/index.php\/15eme-conference-des-presidents-dassemblees-et-de-sections-de-la-region-afrique-de-lassemblee-parlementaire-de-la-francophonie-apf\/\" \/>\r\n<meta property=\"og:locale\" content=\"en_US\" \/>\r\n<meta property=\"og:type\" content=\"article\" \/>\r\n<meta property=\"og:title\" content=\"15\u00e8me Conf\u00e9rence des Pr\u00e9sidents d\u2019Assembl\u00e9es et de Sections de la R\u00e9gion Afrique de l\u2019Assembl\u00e9e Parlementaire de la Francophonie (APF) - Mauritius National Assembly\" \/>\r\n<meta property=\"og:description\" content=\"15\u00e8me Conf\u00e9rence des Pr\u00e9sidents d\u2019Assembl\u00e9es et de Sections de la R\u00e9gion Afrique de l\u2019Assembl\u00e9e Parlementaire de la Francophonie (APF) Allocution d\u2019ouverture &#8211; 15\u00e8me Conf\u00e9rence des Pr\u00e9sidents d\u2019Assembl\u00e9es et de Sections de la R\u00e9gion Afrique de l\u2019Assembl\u00e9e Parlementaire de la Francophonie (APF) 18 April 2024 19 April 2024\" \/>\r\n<meta property=\"og:url\" content=\"https:\/\/mauritiusassembly.govmu.org\/mauritiusassembly\/index.php\/15eme-conference-des-presidents-dassemblees-et-de-sections-de-la-region-afrique-de-lassemblee-parlementaire-de-la-francophonie-apf\/\" \/>\r\n<meta property=\"og:site_name\" content=\"Mauritius National Assembly\" \/>\r\n<meta property=\"article:published_time\" content=\"2024-04-18T09:55:59+00:00\" \/>\r\n<meta property=\"article:modified_time\" content=\"2024-04-22T09:38:11+00:00\" \/>\r\n<meta property=\"og:image\" content=\"https:\/\/mauritiusassembly.govmu.org\/mauritiusassembly\/wp-content\/uploads\/2024\/04\/23.jpeg\" \/>\r\n\t<meta property=\"og:image:width\" content=\"1600\" \/>\r\n\t<meta property=\"og:image:height\" content=\"1064\" \/>\r\n\t<meta property=\"og:image:type\" content=\"image\/jpeg\" \/>\r\n<meta name=\"author\" content=\"Arvind Ruchpaul\" \/>\r\n<meta name=\"twitter:card\" content=\"summary_large_image\" \/>\r\n<meta name=\"twitter:label1\" content=\"Written by\" \/>\n\t<meta name=\"twitter:data1\" content=\"Arvind Ruchpaul\" \/>\n\t<meta name=\"twitter:label2\" content=\"Est. reading time\" \/>\n\t<meta name=\"twitter:data2\" content=\"1 minute\" \/>\r\n<script type=\"application\/ld+json\" class=\"yoast-schema-graph\">{\"@context\":\"https:\/\/schema.org\",\"@graph\":[{\"@type\":\"Article\",\"@id\":\"https:\/\/mauritiusassembly.govmu.org\/mauritiusassembly\/index.php\/15eme-conference-des-presidents-dassemblees-et-de-sections-de-la-region-afrique-de-lassemblee-parlementaire-de-la-francophonie-apf\/#article\",\"isPartOf\":{\"@id\":\"https:\/\/mauritiusassembly.govmu.org\/mauritiusassembly\/index.php\/15eme-conference-des-presidents-dassemblees-et-de-sections-de-la-region-afrique-de-lassemblee-parlementaire-de-la-francophonie-apf\/\"},\"author\":{\"name\":\"Arvind Ruchpaul\",\"@id\":\"https:\/\/mauritiusassembly.govmu.org\/mauritiusassembly\/#\/schema\/person\/133184aed6fe0a8e336264f3ee2c637c\"},\"headline\":\"15\u00e8me Conf\u00e9rence des Pr\u00e9sidents d\u2019Assembl\u00e9es et de Sections de la R\u00e9gion Afrique de l\u2019Assembl\u00e9e Parlementaire de la Francophonie (APF)\",\"datePublished\":\"2024-04-18T09:55:59+00:00\",\"dateModified\":\"2024-04-22T09:38:11+00:00\",\"mainEntityOfPage\":{\"@id\":\"https:\/\/mauritiusassembly.govmu.org\/mauritiusassembly\/index.php\/15eme-conference-des-presidents-dassemblees-et-de-sections-de-la-region-afrique-de-lassemblee-parlementaire-de-la-francophonie-apf\/\"},\"wordCount\":84,\"publisher\":{\"@id\":\"https:\/\/mauritiusassembly.govmu.org\/mauritiusassembly\/#organization\"},\"image\":{\"@id\":\"https:\/\/mauritiusassembly.govmu.org\/mauritiusassembly\/index.php\/15eme-conference-des-presidents-dassemblees-et-de-sections-de-la-region-afrique-de-lassemblee-parlementaire-de-la-francophonie-apf\/#primaryimage\"},\"thumbnailUrl\":\"https:\/\/mauritiusassembly.govmu.org\/mauritiusassembly\/wp-content\/uploads\/2024\/04\/23.jpeg\",\"articleSection\":[\"2024\",\"Conference &amp; Speech\"],\"inLanguage\":\"en-US\"},{\"@type\":\"WebPage\",\"@id\":\"https:\/\/mauritiusassembly.govmu.org\/mauritiusassembly\/index.php\/15eme-conference-des-presidents-dassemblees-et-de-sections-de-la-region-afrique-de-lassemblee-parlementaire-de-la-francophonie-apf\/\",\"url\":\"https:\/\/mauritiusassembly.govmu.org\/mauritiusassembly\/index.php\/15eme-conference-des-presidents-dassemblees-et-de-sections-de-la-region-afrique-de-lassemblee-parlementaire-de-la-francophonie-apf\/\",\"name\":\"15\u00e8me Conf\u00e9rence des Pr\u00e9sidents d\u2019Assembl\u00e9es et de Sections de la R\u00e9gion Afrique de l\u2019Assembl\u00e9e Parlementaire de la Francophonie (APF) - Mauritius National Assembly\",\"isPartOf\":{\"@id\":\"https:\/\/mauritiusassembly.govmu.org\/mauritiusassembly\/#website\"},\"primaryImageOfPage\":{\"@id\":\"https:\/\/mauritiusassembly.govmu.org\/mauritiusassembly\/index.php\/15eme-conference-des-presidents-dassemblees-et-de-sections-de-la-region-afrique-de-lassemblee-parlementaire-de-la-francophonie-apf\/#primaryimage\"},\"image\":{\"@id\":\"https:\/\/mauritiusassembly.govmu.org\/mauritiusassembly\/index.php\/15eme-conference-des-presidents-dassemblees-et-de-sections-de-la-region-afrique-de-lassemblee-parlementaire-de-la-francophonie-apf\/#primaryimage\"},\"thumbnailUrl\":\"https:\/\/mauritiusassembly.govmu.org\/mauritiusassembly\/wp-content\/uploads\/2024\/04\/23.jpeg\",\"datePublished\":\"2024-04-18T09:55:59+00:00\",\"dateModified\":\"2024-04-22T09:38:11+00:00\",\"breadcrumb\":{\"@id\":\"https:\/\/mauritiusassembly.govmu.org\/mauritiusassembly\/index.php\/15eme-conference-des-presidents-dassemblees-et-de-sections-de-la-region-afrique-de-lassemblee-parlementaire-de-la-francophonie-apf\/#breadcrumb\"},\"inLanguage\":\"en-US\",\"potentialAction\":[{\"@type\":\"ReadAction\",\"target\":[\"https:\/\/mauritiusassembly.govmu.org\/mauritiusassembly\/index.php\/15eme-conference-des-presidents-dassemblees-et-de-sections-de-la-region-afrique-de-lassemblee-parlementaire-de-la-francophonie-apf\/\"]}]},{\"@type\":\"ImageObject\",\"inLanguage\":\"en-US\",\"@id\":\"https:\/\/mauritiusassembly.govmu.org\/mauritiusassembly\/index.php\/15eme-conference-des-presidents-dassemblees-et-de-sections-de-la-region-afrique-de-lassemblee-parlementaire-de-la-francophonie-apf\/#primaryimage\",\"url\":\"https:\/\/mauritiusassembly.govmu.org\/mauritiusassembly\/wp-content\/uploads\/2024\/04\/23.jpeg\",\"contentUrl\":\"https:\/\/mauritiusassembly.govmu.org\/mauritiusassembly\/wp-content\/uploads\/2024\/04\/23.jpeg\",\"width\":1600,\"height\":1064},{\"@type\":\"BreadcrumbList\",\"@id\":\"https:\/\/mauritiusassembly.govmu.org\/mauritiusassembly\/index.php\/15eme-conference-des-presidents-dassemblees-et-de-sections-de-la-region-afrique-de-lassemblee-parlementaire-de-la-francophonie-apf\/#breadcrumb\",\"itemListElement\":[{\"@type\":\"ListItem\",\"position\":1,\"name\":\"Home\",\"item\":\"https:\/\/mauritiusassembly.govmu.org\/mauritiusassembly\/\"},{\"@type\":\"ListItem\",\"position\":2,\"name\":\"15\u00e8me Conf\u00e9rence des Pr\u00e9sidents d\u2019Assembl\u00e9es et de Sections de la R\u00e9gion Afrique de l\u2019Assembl\u00e9e Parlementaire de la Francophonie (APF)\"}]},{\"@type\":\"WebSite\",\"@id\":\"https:\/\/mauritiusassembly.govmu.org\/mauritiusassembly\/#website\",\"url\":\"https:\/\/mauritiusassembly.govmu.org\/mauritiusassembly\/\",\"name\":\"Mauritius National Assembly\",\"description\":\"Mauritius National Assembly\",\"publisher\":{\"@id\":\"https:\/\/mauritiusassembly.govmu.org\/mauritiusassembly\/#organization\"},\"potentialAction\":[{\"@type\":\"SearchAction\",\"target\":{\"@type\":\"EntryPoint\",\"urlTemplate\":\"https:\/\/mauritiusassembly.govmu.org\/mauritiusassembly\/?s={search_term_string}\"},\"query-input\":{\"@type\":\"PropertyValueSpecification\",\"valueRequired\":true,\"valueName\":\"search_term_string\"}}],\"inLanguage\":\"en-US\"},{\"@type\":\"Organization\",\"@id\":\"https:\/\/mauritiusassembly.govmu.org\/mauritiusassembly\/#organization\",\"name\":\"Mauritius National Assembly\",\"url\":\"https:\/\/mauritiusassembly.govmu.org\/mauritiusassembly\/\",\"logo\":{\"@type\":\"ImageObject\",\"inLanguage\":\"en-US\",\"@id\":\"https:\/\/mauritiusassembly.govmu.org\/mauritiusassembly\/#\/schema\/logo\/image\/\",\"url\":\"https:\/\/mauritiusassembly.govmu.org\/mauritiusassembly\/wp-content\/uploads\/2022\/06\/Logo-large-NCB.png\",\"contentUrl\":\"https:\/\/mauritiusassembly.govmu.org\/mauritiusassembly\/wp-content\/uploads\/2022\/06\/Logo-large-NCB.png\",\"width\":436,\"height\":436,\"caption\":\"Mauritius National Assembly\"},\"image\":{\"@id\":\"https:\/\/mauritiusassembly.govmu.org\/mauritiusassembly\/#\/schema\/logo\/image\/\"}},{\"@type\":\"Person\",\"@id\":\"https:\/\/mauritiusassembly.govmu.org\/mauritiusassembly\/#\/schema\/person\/133184aed6fe0a8e336264f3ee2c637c\",\"name\":\"Arvind Ruchpaul\",\"image\":{\"@type\":\"ImageObject\",\"inLanguage\":\"en-US\",\"@id\":\"https:\/\/mauritiusassembly.govmu.org\/mauritiusassembly\/#\/schema\/person\/image\/\",\"url\":\"https:\/\/secure.gravatar.com\/avatar\/cd0c6a548c4b5a6cd90f950f006e87d2902b918fd360611c7e45afc9d5fcd9fa?s=96&d=mm&r=g\",\"contentUrl\":\"https:\/\/secure.gravatar.com\/avatar\/cd0c6a548c4b5a6cd90f950f006e87d2902b918fd360611c7e45afc9d5fcd9fa?s=96&d=mm&r=g\",\"caption\":\"Arvind Ruchpaul\"},\"url\":\"https:\/\/mauritiusassembly.govmu.org\/mauritiusassembly\/index.php\/author\/wordpress_dmin3_massembly\/\"}]}<\/script>\r\n<!-- \/ Yoast SEO plugin. -->","yoast_head_json":{"title":"15\u00e8me Conf\u00e9rence des Pr\u00e9sidents d\u2019Assembl\u00e9es et de Sections de la R\u00e9gion Afrique de l\u2019Assembl\u00e9e Parlementaire de la Francophonie (APF) - Mauritius National Assembly","robots":{"index":"index","follow":"follow","max-snippet":"max-snippet:-1","max-image-preview":"max-image-preview:large","max-video-preview":"max-video-preview:-1"},"canonical":"https:\/\/mauritiusassembly.govmu.org\/mauritiusassembly\/index.php\/15eme-conference-des-presidents-dassemblees-et-de-sections-de-la-region-afrique-de-lassemblee-parlementaire-de-la-francophonie-apf\/","og_locale":"en_US","og_type":"article","og_title":"15\u00e8me Conf\u00e9rence des Pr\u00e9sidents d\u2019Assembl\u00e9es et de Sections de la R\u00e9gion Afrique de l\u2019Assembl\u00e9e Parlementaire de la Francophonie (APF) - Mauritius National Assembly","og_description":"15\u00e8me Conf\u00e9rence des Pr\u00e9sidents d\u2019Assembl\u00e9es et de Sections de la R\u00e9gion Afrique de l\u2019Assembl\u00e9e Parlementaire de la Francophonie (APF) Allocution d\u2019ouverture &#8211; 15\u00e8me Conf\u00e9rence des Pr\u00e9sidents d\u2019Assembl\u00e9es et de Sections de la R\u00e9gion Afrique de l\u2019Assembl\u00e9e Parlementaire de la Francophonie (APF) 18 April 2024 19 April 2024","og_url":"https:\/\/mauritiusassembly.govmu.org\/mauritiusassembly\/index.php\/15eme-conference-des-presidents-dassemblees-et-de-sections-de-la-region-afrique-de-lassemblee-parlementaire-de-la-francophonie-apf\/","og_site_name":"Mauritius National Assembly","article_published_time":"2024-04-18T09:55:59+00:00","article_modified_time":"2024-04-22T09:38:11+00:00","og_image":[{"width":1600,"height":1064,"url":"https:\/\/mauritiusassembly.govmu.org\/mauritiusassembly\/wp-content\/uploads\/2024\/04\/23.jpeg","type":"image\/jpeg"}],"author":"Arvind Ruchpaul","twitter_card":"summary_large_image","twitter_misc":{"Written by":"Arvind Ruchpaul","Est. reading time":"1 minute"},"schema":{"@context":"https:\/\/schema.org","@graph":[{"@type":"Article","@id":"https:\/\/mauritiusassembly.govmu.org\/mauritiusassembly\/index.php\/15eme-conference-des-presidents-dassemblees-et-de-sections-de-la-region-afrique-de-lassemblee-parlementaire-de-la-francophonie-apf\/#article","isPartOf":{"@id":"https:\/\/mauritiusassembly.govmu.org\/mauritiusassembly\/index.php\/15eme-conference-des-presidents-dassemblees-et-de-sections-de-la-region-afrique-de-lassemblee-parlementaire-de-la-francophonie-apf\/"},"author":{"name":"Arvind Ruchpaul","@id":"https:\/\/mauritiusassembly.govmu.org\/mauritiusassembly\/#\/schema\/person\/133184aed6fe0a8e336264f3ee2c637c"},"headline":"15\u00e8me Conf\u00e9rence des Pr\u00e9sidents d\u2019Assembl\u00e9es et de Sections de la R\u00e9gion Afrique de l\u2019Assembl\u00e9e Parlementaire de la Francophonie (APF)","datePublished":"2024-04-18T09:55:59+00:00","dateModified":"2024-04-22T09:38:11+00:00","mainEntityOfPage":{"@id":"https:\/\/mauritiusassembly.govmu.org\/mauritiusassembly\/index.php\/15eme-conference-des-presidents-dassemblees-et-de-sections-de-la-region-afrique-de-lassemblee-parlementaire-de-la-francophonie-apf\/"},"wordCount":84,"publisher":{"@id":"https:\/\/mauritiusassembly.govmu.org\/mauritiusassembly\/#organization"},"image":{"@id":"https:\/\/mauritiusassembly.govmu.org\/mauritiusassembly\/index.php\/15eme-conference-des-presidents-dassemblees-et-de-sections-de-la-region-afrique-de-lassemblee-parlementaire-de-la-francophonie-apf\/#primaryimage"},"thumbnailUrl":"https:\/\/mauritiusassembly.govmu.org\/mauritiusassembly\/wp-content\/uploads\/2024\/04\/23.jpeg","articleSection":["2024","Conference &amp; Speech"],"inLanguage":"en-US"},{"@type":"WebPage","@id":"https:\/\/mauritiusassembly.govmu.org\/mauritiusassembly\/index.php\/15eme-conference-des-presidents-dassemblees-et-de-sections-de-la-region-afrique-de-lassemblee-parlementaire-de-la-francophonie-apf\/","url":"https:\/\/mauritiusassembly.govmu.org\/mauritiusassembly\/index.php\/15eme-conference-des-presidents-dassemblees-et-de-sections-de-la-region-afrique-de-lassemblee-parlementaire-de-la-francophonie-apf\/","name":"15\u00e8me Conf\u00e9rence des Pr\u00e9sidents d\u2019Assembl\u00e9es et de Sections de la R\u00e9gion Afrique de l\u2019Assembl\u00e9e Parlementaire de la Francophonie (APF) - Mauritius National Assembly","isPartOf":{"@id":"https:\/\/mauritiusassembly.govmu.org\/mauritiusassembly\/#website"},"primaryImageOfPage":{"@id":"https:\/\/mauritiusassembly.govmu.org\/mauritiusassembly\/index.php\/15eme-conference-des-presidents-dassemblees-et-de-sections-de-la-region-afrique-de-lassemblee-parlementaire-de-la-francophonie-apf\/#primaryimage"},"image":{"@id":"https:\/\/mauritiusassembly.govmu.org\/mauritiusassembly\/index.php\/15eme-conference-des-presidents-dassemblees-et-de-sections-de-la-region-afrique-de-lassemblee-parlementaire-de-la-francophonie-apf\/#primaryimage"},"thumbnailUrl":"https:\/\/mauritiusassembly.govmu.org\/mauritiusassembly\/wp-content\/uploads\/2024\/04\/23.jpeg","datePublished":"2024-04-18T09:55:59+00:00","dateModified":"2024-04-22T09:38:11+00:00","breadcrumb":{"@id":"https:\/\/mauritiusassembly.govmu.org\/mauritiusassembly\/index.php\/15eme-conference-des-presidents-dassemblees-et-de-sections-de-la-region-afrique-de-lassemblee-parlementaire-de-la-francophonie-apf\/#breadcrumb"},"inLanguage":"en-US","potentialAction":[{"@type":"ReadAction","target":["https:\/\/mauritiusassembly.govmu.org\/mauritiusassembly\/index.php\/15eme-conference-des-presidents-dassemblees-et-de-sections-de-la-region-afrique-de-lassemblee-parlementaire-de-la-francophonie-apf\/"]}]},{"@type":"ImageObject","inLanguage":"en-US","@id":"https:\/\/mauritiusassembly.govmu.org\/mauritiusassembly\/index.php\/15eme-conference-des-presidents-dassemblees-et-de-sections-de-la-region-afrique-de-lassemblee-parlementaire-de-la-francophonie-apf\/#primaryimage","url":"https:\/\/mauritiusassembly.govmu.org\/mauritiusassembly\/wp-content\/uploads\/2024\/04\/23.jpeg","contentUrl":"https:\/\/mauritiusassembly.govmu.org\/mauritiusassembly\/wp-content\/uploads\/2024\/04\/23.jpeg","width":1600,"height":1064},{"@type":"BreadcrumbList","@id":"https:\/\/mauritiusassembly.govmu.org\/mauritiusassembly\/index.php\/15eme-conference-des-presidents-dassemblees-et-de-sections-de-la-region-afrique-de-lassemblee-parlementaire-de-la-francophonie-apf\/#breadcrumb","itemListElement":[{"@type":"ListItem","position":1,"name":"Home","item":"https:\/\/mauritiusassembly.govmu.org\/mauritiusassembly\/"},{"@type":"ListItem","position":2,"name":"15\u00e8me Conf\u00e9rence des Pr\u00e9sidents d\u2019Assembl\u00e9es et de Sections de la R\u00e9gion Afrique de l\u2019Assembl\u00e9e Parlementaire de la Francophonie (APF)"}]},{"@type":"WebSite","@id":"https:\/\/mauritiusassembly.govmu.org\/mauritiusassembly\/#website","url":"https:\/\/mauritiusassembly.govmu.org\/mauritiusassembly\/","name":"Mauritius National Assembly","description":"Mauritius National Assembly","publisher":{"@id":"https:\/\/mauritiusassembly.govmu.org\/mauritiusassembly\/#organization"},"potentialAction":[{"@type":"SearchAction","target":{"@type":"EntryPoint","urlTemplate":"https:\/\/mauritiusassembly.govmu.org\/mauritiusassembly\/?s={search_term_string}"},"query-input":{"@type":"PropertyValueSpecification","valueRequired":true,"valueName":"search_term_string"}}],"inLanguage":"en-US"},{"@type":"Organization","@id":"https:\/\/mauritiusassembly.govmu.org\/mauritiusassembly\/#organization","name":"Mauritius National Assembly","url":"https:\/\/mauritiusassembly.govmu.org\/mauritiusassembly\/","logo":{"@type":"ImageObject","inLanguage":"en-US","@id":"https:\/\/mauritiusassembly.govmu.org\/mauritiusassembly\/#\/schema\/logo\/image\/","url":"https:\/\/mauritiusassembly.govmu.org\/mauritiusassembly\/wp-content\/uploads\/2022\/06\/Logo-large-NCB.png","contentUrl":"https:\/\/mauritiusassembly.govmu.org\/mauritiusassembly\/wp-content\/uploads\/2022\/06\/Logo-large-NCB.png","width":436,"height":436,"caption":"Mauritius National Assembly"},"image":{"@id":"https:\/\/mauritiusassembly.govmu.org\/mauritiusassembly\/#\/schema\/logo\/image\/"}},{"@type":"Person","@id":"https:\/\/mauritiusassembly.govmu.org\/mauritiusassembly\/#\/schema\/person\/133184aed6fe0a8e336264f3ee2c637c","name":"Arvind Ruchpaul","image":{"@type":"ImageObject","inLanguage":"en-US","@id":"https:\/\/mauritiusassembly.govmu.org\/mauritiusassembly\/#\/schema\/person\/image\/","url":"https:\/\/secure.gravatar.com\/avatar\/cd0c6a548c4b5a6cd90f950f006e87d2902b918fd360611c7e45afc9d5fcd9fa?s=96&d=mm&r=g","contentUrl":"https:\/\/secure.gravatar.com\/avatar\/cd0c6a548c4b5a6cd90f950f006e87d2902b918fd360611c7e45afc9d5fcd9fa?s=96&d=mm&r=g","caption":"Arvind Ruchpaul"},"url":"https:\/\/mauritiusassembly.govmu.org\/mauritiusassembly\/index.php\/author\/wordpress_dmin3_massembly\/"}]}},"_links":{"self":[{"href":"https:\/\/mauritiusassembly.govmu.org\/mauritiusassembly\/index.php\/wp-json\/wp\/v2\/posts\/18402","targetHints":{"allow":["GET"]}}],"collection":[{"href":"https:\/\/mauritiusassembly.govmu.org\/mauritiusassembly\/index.php\/wp-json\/wp\/v2\/posts"}],"about":[{"href":"https:\/\/mauritiusassembly.govmu.org\/mauritiusassembly\/index.php\/wp-json\/wp\/v2\/types\/post"}],"author":[{"embeddable":true,"href":"https:\/\/mauritiusassembly.govmu.org\/mauritiusassembly\/index.php\/wp-json\/wp\/v2\/users\/4"}],"replies":[{"embeddable":true,"href":"https:\/\/mauritiusassembly.govmu.org\/mauritiusassembly\/index.php\/wp-json\/wp\/v2\/comments?post=18402"}],"version-history":[{"count":24,"href":"https:\/\/mauritiusassembly.govmu.org\/mauritiusassembly\/index.php\/wp-json\/wp\/v2\/posts\/18402\/revisions"}],"predecessor-version":[{"id":18459,"href":"https:\/\/mauritiusassembly.govmu.org\/mauritiusassembly\/index.php\/wp-json\/wp\/v2\/posts\/18402\/revisions\/18459"}],"wp:featuredmedia":[{"embeddable":true,"href":"https:\/\/mauritiusassembly.govmu.org\/mauritiusassembly\/index.php\/wp-json\/wp\/v2\/media\/18400"}],"wp:attachment":[{"href":"https:\/\/mauritiusassembly.govmu.org\/mauritiusassembly\/index.php\/wp-json\/wp\/v2\/media?parent=18402"}],"wp:term":[{"taxonomy":"category","embeddable":true,"href":"https:\/\/mauritiusassembly.govmu.org\/mauritiusassembly\/index.php\/wp-json\/wp\/v2\/categories?post=18402"},{"taxonomy":"post_tag","embeddable":true,"href":"https:\/\/mauritiusassembly.govmu.org\/mauritiusassembly\/index.php\/wp-json\/wp\/v2\/tags?post=18402"}],"curies":[{"name":"wp","href":"https:\/\/api.w.org\/{rel}","templated":true}]}}